{"id":649,"date":"2025-05-22T04:07:46","date_gmt":"2025-05-22T02:07:46","guid":{"rendered":"https:\/\/docteurreve.fr\/blog\/quest-ce-que-le-reve-eveille-entre-conscience-et-imagination\/"},"modified":"2025-05-22T04:07:46","modified_gmt":"2025-05-22T02:07:46","slug":"quest-ce-que-le-reve-eveille-entre-conscience-et-imagination","status":"publish","type":"post","link":"https:\/\/docteurreve.fr\/blog\/quest-ce-que-le-reve-eveille-entre-conscience-et-imagination\/","title":{"rendered":"Qu&rsquo;est-ce que le r\u00eave \u00e9veill\u00e9 ? Entre conscience et imagination"},"content":{"rendered":"<div class=\"content\">\n<p>Avez-vous d\u00e9j\u00e0 laiss\u00e9 votre esprit vagabonder entre conscience et sommeil, cr\u00e9ant des sc\u00e8nes vivides tout en restant \u00e9veill\u00e9 ? Le <strong>r\u00eave \u00e9veill\u00e9<\/strong> est cet \u00e9tat mental unique o\u00f9 notre cerveau active partiellement les m\u00e9canismes du r\u00eave tout en maintenant un niveau de conscience. Contrairement aux r\u00eaves nocturnes, nous conservons un certain contr\u00f4le sur ces images mentales qui peuvent avoir des applications th\u00e9rapeutiques remarquables ou stimuler notre cr\u00e9ativit\u00e9.<\/p>\n<p id=\"cta-paragraphe\">Pour connaitre la signification exacte de votre r\u00eave, <a href=\"https:\/\/docteurreve.fr\/\">rendez-vous ici<\/a>.<\/p>\n<nav class=\"sommaire\">\n<h2>Sommaire<\/h2>\n<ul>\n<li><a href=\"#quest-ce-que-le-reve-eveille-definition-et-caracteristiques\">Qu&rsquo;est-ce que le r\u00eave \u00e9veill\u00e9 ? D\u00e9finition et caract\u00e9ristiques<\/a>\n<ul>\n<li><a href=\"#le-reve-eveille-un-etat-mental-unique-entre-veille-et-sommeil\">Le r\u00eave \u00e9veill\u00e9 : un \u00e9tat mental unique entre veille et sommeil<\/a><\/li>\n<li><a href=\"#comment-distinguer-le-reve-eveille-du-reve-lucide\">Comment distinguer le r\u00eave \u00e9veill\u00e9 du r\u00eave lucide ?<\/a><\/li>\n<\/ul>\n<\/li>\n<li><a href=\"#comment-fonctionne-le-reve-eveille-dans-notre-cerveau\">Comment fonctionne le r\u00eave \u00e9veill\u00e9 dans notre cerveau ?<\/a>\n<ul>\n<li><a href=\"#les-regions-cerebrales-actives-pendant-un-reve-eveille\">Les r\u00e9gions c\u00e9r\u00e9brales actives pendant un r\u00eave \u00e9veill\u00e9<\/a><\/li>\n<li><a href=\"#le-processus-mental-en-action-pendant-le-reverie-eveillee\">Le processus mental en action pendant le r\u00eaverie \u00e9veill\u00e9e<\/a><\/li>\n<\/ul>\n<\/li>\n<li><a href=\"#les-applications-therapeutiques-du-reve-eveille\">Les applications th\u00e9rapeutiques du r\u00eave \u00e9veill\u00e9<\/a>\n<ul>\n<li><a href=\"#quest-ce-que-le-reve-eveille-dirige-red\">Qu&rsquo;est-ce que le R\u00eave \u00c9veill\u00e9 Dirig\u00e9 (RED) ?<\/a><\/li>\n<li><a href=\"#pour-quels-troubles-le-reve-eveille-est-il-recommande\">Pour quels troubles le r\u00eave \u00e9veill\u00e9 est-il recommand\u00e9 ?<\/a><\/li>\n<\/ul>\n<\/li>\n<li><a href=\"#quand-le-reve-eveille-devient-problematique-les-troubles-associes\">Quand le r\u00eave \u00e9veill\u00e9 devient probl\u00e9matique : les troubles associ\u00e9s<\/a>\n<ul>\n<li><a href=\"#la-reverie-compulsive-quand-limagination-devient-envahissante\">La r\u00eaverie compulsive : quand l&rsquo;imagination devient envahissante<\/a><\/li>\n<li><a href=\"#comment-distinguer-le-reve-eveille-pathologique-dautres-troubles-mentaux\">Comment distinguer le r\u00eave \u00e9veill\u00e9 pathologique d&rsquo;autres troubles mentaux ?<\/a><\/li>\n<\/ul>\n<\/li>\n<li><a href=\"#comment-exploiter-le-potentiel-creatif-du-reve-eveille\">Comment exploiter le potentiel cr\u00e9atif du r\u00eave \u00e9veill\u00e9 ?<\/a>\n<ul>\n<li><a href=\"#le-reve-eveille-comme-outil-de-stimulation-creative\">Le r\u00eave \u00e9veill\u00e9 comme outil de stimulation cr\u00e9ative<\/a><\/li>\n<li><a href=\"#techniques-de-reve-eveille-pour-le-developpement-personnel\">Techniques de r\u00eave \u00e9veill\u00e9 pour le d\u00e9veloppement personnel<\/a><\/li>\n<\/ul>\n<\/li>\n<li><a href=\"#faq\">Foire aux questions<\/a><\/li>\n<\/ul>\n<\/nav>\n<section id=\"quest-ce-que-le-reve-eveille-definition-et-caracteristiques\">\n<h2>Qu&rsquo;est-ce que le r\u00eave \u00e9veill\u00e9 ? D\u00e9finition et caract\u00e9ristiques<\/h2>\n<div class=\"subsection\">\n<h3 id=\"le-reve-eveille-un-etat-mental-unique-entre-veille-et-sommeil\">Le r\u00eave \u00e9veill\u00e9 : un \u00e9tat mental unique entre veille et sommeil<\/h3>\n<p>Le <strong>r\u00eave \u00e9veill\u00e9<\/strong> repr\u00e9sente un \u00e9tat mental particulier qui se situe entre la conscience pleinement active et le sommeil. Durant cet \u00e9tat, notre esprit active partiellement <a href=\"https:\/\/docteurreve.fr\/blog\/comment-fonctionne-la-psychanalyse-des-reves-decryptage-des-theories-de-freud-a-jung\/\">les m\u00e9canismes du r\u00eave<\/a> tout en maintenant un niveau de conscience \u00e9veill\u00e9e.<\/p>\n<p>Contrairement aux <strong>r\u00eaves nocturnes<\/strong>, le r\u00eave \u00e9veill\u00e9 se produit pendant une p\u00e9riode o\u00f9 :<\/p>\n<ul>\n<li>Nous sommes dans un \u00e9tat de <strong>vigilance r\u00e9duite<\/strong> mais conscients<\/li>\n<li>Nous conservons un <strong>certain contr\u00f4le<\/strong> sur les images mentales qui d\u00e9filent<\/li>\n<li>Notre imagination d\u00e9veloppe spontan\u00e9ment des <strong>r\u00e9cits int\u00e9rieurs<\/strong><\/li>\n<\/ul>\n<p>Cette exp\u00e9rience se distingue clairement des \u00e9tats hypnotiques ou m\u00e9ditatifs par sa nature narrative qui se d\u00e9ploie naturellement dans notre esprit.<\/p>\n<\/p><\/div>\n<div class=\"subsection\">\n<h3 id=\"comment-distinguer-le-reve-eveille-du-reve-lucide\">Comment distinguer le r\u00eave \u00e9veill\u00e9 du r\u00eave lucide ?<\/h3>\n<p>On confond souvent le <strong>r\u00eave \u00e9veill\u00e9<\/strong> avec le <strong>r\u00eave lucide<\/strong>, mais ces deux ph\u00e9nom\u00e8nes sont fondamentalement diff\u00e9rents :<\/p>\n<table>\n<tr>\n<th>R\u00eave \u00e9veill\u00e9<\/th>\n<th>R\u00eave lucide<\/th>\n<\/tr>\n<tr>\n<td>Se produit pendant l&rsquo;\u00e9veil<\/td>\n<td>Se produit uniquement pendant le sommeil paradoxal<\/td>\n<\/tr>\n<tr>\n<td>Maintient une connexion avec l&rsquo;environnement r\u00e9el<\/td>\n<td>Implique une prise de conscience que l&rsquo;on r\u00eave, sans r\u00e9veil<\/td>\n<\/tr>\n<tr>\n<td>Attention partiellement d\u00e9tach\u00e9e de la r\u00e9alit\u00e9<\/td>\n<td>Immersion compl\u00e8te dans l&rsquo;univers onirique<\/td>\n<\/tr>\n<tr>\n<td>Souvenirs pr\u00e9cis des contenus imagin\u00e9s<\/td>\n<td>M\u00e9moire des d\u00e9tails plus fragmentaire<\/td>\n<\/tr>\n<\/table>\n<p>Dans un r\u00eave \u00e9veill\u00e9, nous restons conscients de notre environnement r\u00e9el, m\u00eame si notre attention s&rsquo;en \u00e9loigne progressivement pour se concentrer sur notre monde int\u00e9rieur. Notre capacit\u00e9 \u00e0 nous souvenir des sc\u00e9narios imagin\u00e9s est \u00e9galement plus d\u00e9velopp\u00e9e que pour les r\u00eaves nocturnes.<\/p>\n<\/p><\/div>\n<\/section>\n<section id=\"comment-fonctionne-le-reve-eveille-dans-notre-cerveau\">\n<h2>Comment fonctionne le r\u00eave \u00e9veill\u00e9 dans notre cerveau ?<\/h2>\n<div class=\"subsection\">\n<h3 id=\"les-regions-cerebrales-actives-pendant-un-reve-eveille\">Les r\u00e9gions c\u00e9r\u00e9brales actives pendant un r\u00eave \u00e9veill\u00e9<\/h3>\n<p>La neuroimagerie a permis de d\u00e9couvrir un ph\u00e9nom\u00e8ne fascinant : pendant un <strong>r\u00eave \u00e9veill\u00e9<\/strong>, notre cerveau pr\u00e9sente une activit\u00e9 simultan\u00e9e de deux r\u00e9seaux normalement distincts :<\/p>\n<ul>\n<li>Le <strong>r\u00e9seau du mode par d\u00e9faut<\/strong>, responsable de nos pens\u00e9es personnelles et autor\u00e9f\u00e9rentielles<\/li>\n<li>Les <strong>aires visuelles secondaires<\/strong>, qui traitent les informations visuelles complexes<\/li>\n<\/ul>\n<p>Cette coactivation particuli\u00e8re explique pourquoi, lors d&rsquo;un <strong>r\u00eave \u00e9veill\u00e9<\/strong>, nous pouvons simultan\u00e9ment percevoir notre environnement r\u00e9el tout en visualisant des sc\u00e8nes imaginaires. L&rsquo;activit\u00e9 des ondes <strong>th\u00eata<\/strong> dans le cortex pr\u00e9frontal joue un r\u00f4le crucial en r\u00e9gulant notre niveau d&rsquo;immersion dans la narration imaginaire, sans que nous perdions compl\u00e8tement conscience de la r\u00e9alit\u00e9.<\/p>\n<\/p><\/div>\n<div class=\"subsection\">\n<h3 id=\"le-processus-mental-en-action-pendant-le-reverie-eveillee\">Le processus mental en action pendant le r\u00eaverie \u00e9veill\u00e9e<\/h3>\n<p>Lors d&rsquo;un <strong>r\u00eave \u00e9veill\u00e9<\/strong>, notre esprit s&rsquo;engage dans un cycle unique o\u00f9 interagissent :<\/p>\n<ul>\n<li>La <strong>g\u00e9n\u00e9ration spontan\u00e9e d&rsquo;images mentales<\/strong><\/li>\n<li>L&rsquo;<strong>interpr\u00e9tation symbolique<\/strong> de ces images<\/li>\n<\/ul>\n<p>Contrairement \u00e0 l&rsquo;imagination volontaire ou aux fantasmes dirig\u00e9s consciemment, le contenu du <strong>r\u00eave \u00e9veill\u00e9<\/strong> se d\u00e9ploie de fa\u00e7on semi-autonome. Il suit une logique associative rappelant celle de nos r\u00eaves nocturnes, comme <a href=\"https:\/\/docteurreve.fr\/blog\/comment-interpreter-vos-reves-selon-freud-theorie-et-methode\/\">l&rsquo;avait observ\u00e9 Freud<\/a>.<\/p>\n<p>Cette auto-organisation de l&rsquo;imaginaire n&rsquo;est pas un simple vagabondage mental. Elle aurait une fonction adaptative importante : <strong>restructurer nos sch\u00e9mas cognitifs profonds<\/strong> \u00e0 travers des reconfigurations m\u00e9taphoriques, permettant ainsi une forme de traitement \u00e9motionnel et cognitif inconscient.<\/p>\n<\/p><\/div>\n<\/section>\n<section id=\"les-applications-therapeutiques-du-reve-eveille\">\n<h2>Les applications th\u00e9rapeutiques du r\u00eave \u00e9veill\u00e9<\/h2>\n<div class=\"subsection\">\n<h3 id=\"quest-ce-que-le-reve-eveille-dirige-red\">Qu&rsquo;est-ce que le R\u00eave \u00c9veill\u00e9 Dirig\u00e9 (RED) ?<\/h3>\n<p>Le <strong>R\u00eave \u00c9veill\u00e9 Dirig\u00e9<\/strong> est une m\u00e9thode th\u00e9rapeutique mise au point par Robert Desoille dans les ann\u00e9es 1930. Cette approche structure l&rsquo;exp\u00e9rience onirique consciente dans un cadre th\u00e9rapeutique bien d\u00e9fini.<\/p>\n<p>Le protocole du RED se d\u00e9roule en trois phases distinctes :<\/p>\n<ul>\n<li><strong>Phase d&rsquo;induction relaxante<\/strong> : pr\u00e9paration du patient par des techniques de d\u00e9tente<\/li>\n<li><strong>Exploration guid\u00e9e<\/strong> : immersion dans des sc\u00e9narios symboliques (for\u00eat, oc\u00e9an, montagne) sous la direction du th\u00e9rapeute<\/li>\n<li><strong>R\u00e9int\u00e9gration analytique<\/strong> : interpr\u00e9tation des exp\u00e9riences v\u00e9cues pendant la s\u00e9ance<\/li>\n<\/ul>\n<p>Cette technique est particuli\u00e8rement efficace car elle mobilise les <strong><a href=\"https:\/\/docteurreve.fr\/blog\/comment-fonctionne-la-psychanalyse-des-reves-decryptage-des-theories-de-freud-a-jung\/\">m\u00e9canismes de projection inconsciente<\/a><\/strong> gr\u00e2ce \u00e0 une immersion sensorimotrice compl\u00e8te, tout en maintenant la conscience du patient.<\/p>\n<\/p><\/div>\n<div class=\"subsection\">\n<h3 id=\"pour-quels-troubles-le-reve-eveille-est-il-recommande\">Pour quels troubles le r\u00eave \u00e9veill\u00e9 est-il recommand\u00e9 ?<\/h3>\n<p>Le r\u00eave \u00e9veill\u00e9 th\u00e9rapeutique pr\u00e9sente des <strong>applications cliniques valid\u00e9es<\/strong> pour plusieurs conditions psychologiques :<\/p>\n<ul>\n<li><strong>Troubles anxieux<\/strong> (phobies, anxi\u00e9t\u00e9 g\u00e9n\u00e9ralis\u00e9e)<\/li>\n<li><strong>\u00c9tats d\u00e9pressifs r\u00e9actionnels<\/strong> (non endog\u00e8nes)<\/li>\n<li><strong>Blocages existentiels<\/strong> et questionnements de vie<\/li>\n<\/ul>\n<p>Les recherches cliniques sont particuli\u00e8rement encourageantes : des \u00e9tudes contr\u00f4l\u00e9es d\u00e9montrent une <strong>efficacit\u00e9 comparable aux th\u00e9rapies cognitivo-comportementales<\/strong> pour les phobies simples, avec un taux de r\u00e9mission atteignant 68% apr\u00e8s seulement 12 s\u00e9ances.<\/p>\n<p>Cependant, cette approche pr\u00e9sente des <strong>contre-indications absolues<\/strong> dans certains cas :<\/p>\n<ul>\n<li>Psychoses en phase active<\/li>\n<li>\u00c9tats dissociatifs s\u00e9v\u00e8res<\/li>\n<li>Troubles de la personnalit\u00e9 graves<\/li>\n<\/ul><\/div>\n<\/section>\n<section id=\"quand-le-reve-eveille-devient-problematique-les-troubles-associes\">\n<h2>Quand le r\u00eave \u00e9veill\u00e9 devient probl\u00e9matique : les troubles associ\u00e9s<\/h2>\n<div class=\"subsection\">\n<h3 id=\"la-reverie-compulsive-quand-limagination-devient-envahissante\">La r\u00eaverie compulsive : quand l&rsquo;imagination devient envahissante<\/h3>\n<p>\u00c0 la fronti\u00e8re entre <strong>usage b\u00e9n\u00e9fique<\/strong> et <strong>trouble mental<\/strong>, la r\u00eaverie compulsive (ou maladaptive daydreaming) repr\u00e9sente une forme excessive de <strong>r\u00eave \u00e9veill\u00e9<\/strong>. Elle se manifeste par des \u00e9pisodes imaginatifs qui deviennent envahissants et conduisent \u00e0 un important <strong>retrait social<\/strong>.<\/p>\n<p>Les sp\u00e9cialistes proposent un crit\u00e8re diagnostique pr\u00e9cis : plus de <strong>4 heures quotidiennes<\/strong> pass\u00e9es dans des mondes imaginaires, accompagn\u00e9es d&rsquo;une <strong>d\u00e9tresse significative<\/strong> pour la personne. Cette condition n&rsquo;est pas anodine &#8211; elle affecte profond\u00e9ment la qualit\u00e9 de vie.<\/p>\n<p>D&rsquo;un point de vue neurobiologique, ce trouble implique une <strong>suractivation du circuit m\u00e9solimbique<\/strong>, le syst\u00e8me de r\u00e9compense du cerveau, cr\u00e9ant ainsi un m\u00e9canisme similaire \u00e0 celui observ\u00e9 dans d&rsquo;autres formes d&rsquo;addiction.<\/p>\n<\/p><\/div>\n<div class=\"subsection\">\n<h3 id=\"comment-distinguer-le-reve-eveille-pathologique-dautres-troubles-mentaux\">Comment distinguer le r\u00eave \u00e9veill\u00e9 pathologique d&rsquo;autres troubles mentaux ?<\/h3>\n<p>Contrairement aux <strong>\u00e9tats psychotiques<\/strong>, la personne qui pratique le r\u00eave \u00e9veill\u00e9 de fa\u00e7on excessive maintient sa <strong>capacit\u00e9 \u00e0 distinguer l&rsquo;imaginaire de la r\u00e9alit\u00e9<\/strong>. Elle ne pr\u00e9sente pas de d\u00e9lire structur\u00e9 et reste consciente que ses r\u00eaveries sont des productions de son esprit.<\/p>\n<p>Par ailleurs, les <strong>\u00e9pisodes dissociatifs post-traumatiques<\/strong> se diff\u00e9rencient par :<\/p>\n<ul>\n<li>Une <strong>th\u00e9matique r\u00e9p\u00e9titive<\/strong> li\u00e9e au traumatisme<\/li>\n<li>Un caract\u00e8re <strong>hypermn\u00e9sique<\/strong> (souvenirs excessivement d\u00e9taill\u00e9s)<\/li>\n<li>Une <strong>absence de contr\u00f4le<\/strong> sur le contenu<\/li>\n<\/ul>\n<p>Ces \u00e9l\u00e9ments sont g\u00e9n\u00e9ralement absents dans le <strong>r\u00eave \u00e9veill\u00e9 pathologique<\/strong>, o\u00f9 l&rsquo;imagination, bien qu&rsquo;envahissante, reste plus vari\u00e9e et partiellement dirig\u00e9e par la personne.<\/p>\n<\/p><\/div>\n<\/section>\n<section id=\"comment-exploiter-le-potentiel-creatif-du-reve-eveille\">\n<h2>Comment exploiter le potentiel cr\u00e9atif du r\u00eave \u00e9veill\u00e9 ?<\/h2>\n<div class=\"subsection\">\n<h3 id=\"le-reve-eveille-comme-outil-de-stimulation-creative\">Le r\u00eave \u00e9veill\u00e9 comme outil de stimulation cr\u00e9ative<\/h3>\n<p>Le <strong>r\u00eave \u00e9veill\u00e9<\/strong> peut \u00eatre d\u00e9lib\u00e9r\u00e9ment utilis\u00e9 comme un v\u00e9ritable incubateur d&rsquo;id\u00e9es, particuli\u00e8rement efficace pour r\u00e9soudre des probl\u00e8mes complexes. La technique d&rsquo;<strong>immersion prospective<\/strong> permet d&rsquo;explorer mentalement diff\u00e9rents sc\u00e9narios alternatifs avec des r\u00e9sultats concrets.<\/p>\n<p>Selon les \u00e9tudes cognitives r\u00e9centes, cette approche offre un taux de transfert pratique de 42% &#8211; ce qui signifie que pr\u00e8s de la moiti\u00e9 des id\u00e9es g\u00e9n\u00e9r\u00e9es pendant ces sessions peuvent \u00eatre appliqu\u00e9es dans la vie r\u00e9elle.<\/p>\n<ul>\n<li><strong>Application en design thinking<\/strong> : protocoles structur\u00e9s pour g\u00e9n\u00e9rer des solutions innovantes<\/li>\n<li><strong>Utilisation artistique<\/strong> : d\u00e9blocage cr\u00e9atif et exploration de nouvelles perspectives<\/li>\n<li><strong>R\u00e9solution de probl\u00e8mes<\/strong> : approche des d\u00e9fis sous des angles in\u00e9dits<\/li>\n<\/ul><\/div>\n<div class=\"subsection\">\n<h3 id=\"techniques-de-reve-eveille-pour-le-developpement-personnel\">Techniques de r\u00eave \u00e9veill\u00e9 pour le d\u00e9veloppement personnel<\/h3>\n<p>Des <strong>pratiques autog\u00e9r\u00e9es de r\u00eave \u00e9veill\u00e9<\/strong> peuvent significativement am\u00e9liorer votre d\u00e9veloppement personnel, notamment lorsqu&rsquo;elles sont associ\u00e9es \u00e0 des techniques compl\u00e9mentaires.<\/p>\n<p>La combinaison de <strong>journaling<\/strong> (\u00e9criture r\u00e9flexive) et d&rsquo;<a href=\"https:\/\/docteurreve.fr\/blog\/que-signifient-vos-reves-et-symboles-decodage-des-messages-nocturnes\/\"><strong>analyse symbolique<\/strong><\/a> des images mentales montre des r\u00e9sultats mesurables sur l&rsquo;intelligence \u00e9motionnelle, avec un gain moyen de 15% selon les \u00e9valuations standardis\u00e9es (TEIQue).<\/p>\n<ul>\n<li><strong>M\u00e9thode des dialogues int\u00e9rieurs<\/strong> : conversation avec diff\u00e9rentes parties de votre psych\u00e9<\/li>\n<li><strong>Int\u00e9gration des arch\u00e9types<\/strong> : reconnaissance et utilisation des mod\u00e8les psychologiques profonds<\/li>\n<li><strong>Croissance personnelle<\/strong> : meilleure compr\u00e9hension de soi et de ses motivations<\/li>\n<\/ul>\n<blockquote><p>Cette approche, inspir\u00e9e des th\u00e9ories jungiennes, permet d&rsquo;acc\u00e9der \u00e0 des ressources int\u00e9rieures souvent inexploit\u00e9es dans la conscience ordinaire.<\/p><\/blockquote><\/div>\n<\/section>\n<section id=\"faq\">\n<h2 id=\"faq\">Foire aux questions<\/h2>\n<div class=\"faq-item\">\n<h3 class=\"faq-question\">Qu&rsquo;est-ce que le r\u00eave \u00e9veill\u00e9 et comment se diff\u00e9rencie-t-il du r\u00eave lucide ?<\/h3>\n<p class=\"faq-answer\">Le r\u00eave \u00e9veill\u00e9 est un \u00e9tat mental entre la conscience active et le sommeil o\u00f9 l&rsquo;esprit d\u00e9veloppe des r\u00e9cits int\u00e9rieurs tout en maintenant une connexion avec l&rsquo;environnement r\u00e9el, contrairement au r\u00eave lucide qui se produit uniquement pendant le sommeil paradoxal.<\/p>\n<\/p><\/div>\n<div class=\"faq-item\">\n<h3 class=\"faq-question\">Comment fonctionne le r\u00eave \u00e9veill\u00e9 dans notre cerveau ?<\/h3>\n<p class=\"faq-answer\">Pendant un r\u00eave \u00e9veill\u00e9, notre cerveau pr\u00e9sente une activit\u00e9 simultan\u00e9e du r\u00e9seau du mode par d\u00e9faut et des aires visuelles secondaires, avec des ondes th\u00eata dans le cortex pr\u00e9frontal r\u00e9gulant notre immersion dans la narration imaginaire.<\/p>\n<\/p><\/div>\n<div class=\"faq-item\">\n<h3 class=\"faq-question\">Quelles sont les applications th\u00e9rapeutiques du r\u00eave \u00e9veill\u00e9 ?<\/h3>\n<p class=\"faq-answer\">Le R\u00eave \u00c9veill\u00e9 Dirig\u00e9 (RED) est une m\u00e9thode th\u00e9rapeutique efficace pour les troubles anxieux, les \u00e9tats d\u00e9pressifs r\u00e9actionnels et les blocages existentiels, avec un taux de r\u00e9mission atteignant 68% apr\u00e8s 12 s\u00e9ances.<\/p>\n<\/p><\/div>\n<div class=\"faq-item\">\n<h3 class=\"faq-question\">Comment reconna\u00eetre un r\u00eave \u00e9veill\u00e9 pathologique ?<\/h3>\n<p class=\"faq-answer\">Le r\u00eave \u00e9veill\u00e9 devient pathologique (r\u00eaverie compulsive) lorsqu&rsquo;il occupe plus de 4 heures quotidiennes et cause une d\u00e9tresse significative, tout en maintenant la capacit\u00e9 \u00e0 distinguer l&rsquo;imaginaire de la r\u00e9alit\u00e9.<\/p>\n<\/p><\/div>\n<div class=\"faq-item\">\n<h3 class=\"faq-question\">Comment utiliser le r\u00eave \u00e9veill\u00e9 pour stimuler sa cr\u00e9ativit\u00e9 ?<\/h3>\n<p class=\"faq-answer\">Le r\u00eave \u00e9veill\u00e9 peut servir d&rsquo;incubateur d&rsquo;id\u00e9es via la technique d&rsquo;immersion prospective, permettant d&rsquo;explorer mentalement diff\u00e9rents sc\u00e9narios avec un taux de transfert pratique de 42% des id\u00e9es g\u00e9n\u00e9r\u00e9es.<\/p>\n<\/p><\/div>\n<\/section>\n<\/div>\n","protected":false},"excerpt":{"rendered":"<p>Avez-vous d\u00e9j\u00e0 laiss\u00e9 votre esprit vagabonder entre conscience et sommeil, cr\u00e9ant des sc\u00e8nes vivides tout en restant \u00e9veill\u00e9 ? Le [&hellip;]<\/p>\n","protected":false},"author":3,"featured_media":648,"comment_status":"closed","ping_status":"","sticky":false,"template":"","format":"standard","meta":{"_yoast_wpseo_focuskw":"r\u00eave \u00e9veill\u00e9","_yoast_wpseo_metadesc":"D\u00e9couvrez ce qu'est le r\u00eave \u00e9veill\u00e9, cet \u00e9tat mental entre conscience et imagination. Comprenez ses m\u00e9canismes c\u00e9r\u00e9braux, ses applications th\u00e9rapeutiques et son potentiel cr\u00e9atif.","_yoast_wpseo_is_cornerstone":false,"site-sidebar-layout":"default","site-content-layout":"","ast-site-content-layout":"default","site-content-style":"default","site-sidebar-style":"default","ast-global-header-display":"","ast-banner-title-visibility":"","ast-main-header-display":"","ast-hfb-above-header-display":"","ast-hfb-below-header-display":"","ast-hfb-mobile-header-display":"","site-post-title":"","ast-breadcrumbs-content":"","ast-featured-img":"","footer-sml-layout":"","ast-disable-related-posts":"","theme-transparent-header-meta":"","adv-header-id-meta":"","stick-header-meta":"","header-above-stick-meta":"","header-main-stick-meta":"","header-below-stick-meta":"","astra-migrate-meta-layouts":"default","ast-page-background-enabled":"default","ast-page-background-meta":{"desktop":{"background-color":"var(--ast-global-color-5)","background-image":"","background-repeat":"repeat","background-position":"center center","background-size":"auto","background-attachment":"scroll","background-type":"","background-media":"","overlay-type":"","overlay-color":"","overlay-opacity":"","overlay-gradient":""},"tablet":{"background-color":"","background-image":"","background-repeat":"repeat","background-position":"center center","background-size":"auto","background-attachment":"scroll","background-type":"","background-media":"","overlay-type":"","overlay-color":"","overlay-opacity":"","overlay-gradient":""},"mobile":{"background-color":"","background-image":"","background-repeat":"repeat","background-position":"center center","background-size":"auto","background-attachment":"scroll","background-type":"","background-media":"","overlay-type":"","overlay-color":"","overlay-opacity":"","overlay-gradient":""}},"ast-content-background-meta":{"desktop":{"background-color":"var(--ast-global-color-4)","background-image":"","background-repeat":"repeat","background-position":"center center","background-size":"auto","background-attachment":"scroll","background-type":"","background-media":"","overlay-type":"","overlay-color":"","overlay-opacity":"","overlay-gradient":""},"tablet":{"background-color":"var(--ast-global-color-4)","background-image":"","background-repeat":"repeat","background-position":"center center","background-size":"auto","background-attachment":"scroll","background-type":"","background-media":"","overlay-type":"","overlay-color":"","overlay-opacity":"","overlay-gradient":""},"mobile":{"background-color":"var(--ast-global-color-4)","background-image":"","background-repeat":"repeat","background-position":"center center","background-size":"auto","background-attachment":"scroll","background-type":"","background-media":"","overlay-type":"","overlay-color":"","overlay-opacity":"","overlay-gradient":""}},"footnotes":""},"categories":[50,44],"tags":[],"class_list":["post-649","post","type-post","status-publish","format-standard","has-post-thumbnail","hentry","category-reves-psychanalytiques-et-auteurs-celebres","category-signification-des-reves"],"yoast_head":"<!-- This site is optimized with the Yoast SEO plugin v27.4 - https:\/\/yoast.com\/product\/yoast-seo-wordpress\/ -->\n<title>Qu&#039;est-ce que le r\u00eave \u00e9veill\u00e9 ? Entre conscience et imagination - Docteur R\u00eave<\/title>\n<meta name=\"description\" content=\"D\u00e9couvrez ce qu&#039;est le r\u00eave \u00e9veill\u00e9, cet \u00e9tat mental entre conscience et imagination. Comprenez ses m\u00e9canismes c\u00e9r\u00e9braux, ses applications th\u00e9rapeutiques et son potentiel cr\u00e9atif.\" \/>\n<meta name=\"robots\" content=\"index, follow, max-snippet:-1, max-image-preview:large, max-video-preview:-1\" \/>\n<link rel=\"canonical\" href=\"https:\/\/docteurreve.fr\/blog\/quest-ce-que-le-reve-eveille-entre-conscience-et-imagination\/\" \/>\n<meta property=\"og:locale\" content=\"fr_FR\" \/>\n<meta property=\"og:type\" content=\"article\" \/>\n<meta property=\"og:title\" content=\"Qu&#039;est-ce que le r\u00eave \u00e9veill\u00e9 ? Entre conscience et imagination - Docteur R\u00eave\" \/>\n<meta property=\"og:description\" content=\"D\u00e9couvrez ce qu&#039;est le r\u00eave \u00e9veill\u00e9, cet \u00e9tat mental entre conscience et imagination. Comprenez ses m\u00e9canismes c\u00e9r\u00e9braux, ses applications th\u00e9rapeutiques et son potentiel cr\u00e9atif.\" \/>\n<meta property=\"og:url\" content=\"https:\/\/docteurreve.fr\/blog\/quest-ce-que-le-reve-eveille-entre-conscience-et-imagination\/\" \/>\n<meta property=\"og:site_name\" content=\"Docteur R\u00eave\" \/>\n<meta property=\"article:published_time\" content=\"2025-05-22T02:07:46+00:00\" \/>\n<meta property=\"og:image\" content=\"https:\/\/docteurreve.fr\/wp-content\/uploads\/2025\/05\/NdNx2u2sRbu_Cmh93_FB8g.png\" \/>\n\t<meta property=\"og:image:width\" content=\"1312\" \/>\n\t<meta property=\"og:image:height\" content=\"736\" \/>\n\t<meta property=\"og:image:type\" content=\"image\/png\" \/>\n<meta name=\"author\" content=\"Ambre\" \/>\n<meta name=\"twitter:card\" content=\"summary_large_image\" \/>\n<meta name=\"twitter:label1\" content=\"\u00c9crit par\" \/>\n\t<meta name=\"twitter:data1\" content=\"Ambre\" \/>\n\t<meta name=\"twitter:label2\" content=\"Dur\u00e9e de lecture estim\u00e9e\" \/>\n\t<meta name=\"twitter:data2\" content=\"9 minutes\" \/>\n<script type=\"application\/ld+json\" class=\"yoast-schema-graph\">{\"@context\":\"https:\\\/\\\/schema.org\",\"@graph\":[{\"@type\":\"Article\",\"@id\":\"https:\\\/\\\/docteurreve.fr\\\/blog\\\/quest-ce-que-le-reve-eveille-entre-conscience-et-imagination\\\/#article\",\"isPartOf\":{\"@id\":\"https:\\\/\\\/docteurreve.fr\\\/blog\\\/quest-ce-que-le-reve-eveille-entre-conscience-et-imagination\\\/\"},\"author\":{\"name\":\"Ambre\",\"@id\":\"https:\\\/\\\/docteurreve.fr\\\/blog\\\/#\\\/schema\\\/person\\\/7743138a6e948b3acac728d9dd0ff184\"},\"headline\":\"Qu&rsquo;est-ce que le r\u00eave \u00e9veill\u00e9 ? Entre conscience et imagination\",\"datePublished\":\"2025-05-22T02:07:46+00:00\",\"mainEntityOfPage\":{\"@id\":\"https:\\\/\\\/docteurreve.fr\\\/blog\\\/quest-ce-que-le-reve-eveille-entre-conscience-et-imagination\\\/\"},\"wordCount\":1890,\"publisher\":{\"@id\":\"https:\\\/\\\/docteurreve.fr\\\/blog\\\/#organization\"},\"image\":{\"@id\":\"https:\\\/\\\/docteurreve.fr\\\/blog\\\/quest-ce-que-le-reve-eveille-entre-conscience-et-imagination\\\/#primaryimage\"},\"thumbnailUrl\":\"https:\\\/\\\/docteurreve.fr\\\/wp-content\\\/uploads\\\/2025\\\/05\\\/NdNx2u2sRbu_Cmh93_FB8g.png\",\"articleSection\":[\"R\u00eaves psychanalytiques et auteurs c\u00e9l\u00e8bres\",\"Signification des r\u00eaves\"],\"inLanguage\":\"fr-FR\"},{\"@type\":\"WebPage\",\"@id\":\"https:\\\/\\\/docteurreve.fr\\\/blog\\\/quest-ce-que-le-reve-eveille-entre-conscience-et-imagination\\\/\",\"url\":\"https:\\\/\\\/docteurreve.fr\\\/blog\\\/quest-ce-que-le-reve-eveille-entre-conscience-et-imagination\\\/\",\"name\":\"Qu'est-ce que le r\u00eave \u00e9veill\u00e9 ? Entre conscience et imagination - Docteur R\u00eave\",\"isPartOf\":{\"@id\":\"https:\\\/\\\/docteurreve.fr\\\/blog\\\/#website\"},\"primaryImageOfPage\":{\"@id\":\"https:\\\/\\\/docteurreve.fr\\\/blog\\\/quest-ce-que-le-reve-eveille-entre-conscience-et-imagination\\\/#primaryimage\"},\"image\":{\"@id\":\"https:\\\/\\\/docteurreve.fr\\\/blog\\\/quest-ce-que-le-reve-eveille-entre-conscience-et-imagination\\\/#primaryimage\"},\"thumbnailUrl\":\"https:\\\/\\\/docteurreve.fr\\\/wp-content\\\/uploads\\\/2025\\\/05\\\/NdNx2u2sRbu_Cmh93_FB8g.png\",\"datePublished\":\"2025-05-22T02:07:46+00:00\",\"description\":\"D\u00e9couvrez ce qu'est le r\u00eave \u00e9veill\u00e9, cet \u00e9tat mental entre conscience et imagination. Comprenez ses m\u00e9canismes c\u00e9r\u00e9braux, ses applications th\u00e9rapeutiques et son potentiel cr\u00e9atif.\",\"breadcrumb\":{\"@id\":\"https:\\\/\\\/docteurreve.fr\\\/blog\\\/quest-ce-que-le-reve-eveille-entre-conscience-et-imagination\\\/#breadcrumb\"},\"inLanguage\":\"fr-FR\",\"potentialAction\":[{\"@type\":\"ReadAction\",\"target\":[\"https:\\\/\\\/docteurreve.fr\\\/blog\\\/quest-ce-que-le-reve-eveille-entre-conscience-et-imagination\\\/\"]}]},{\"@type\":\"ImageObject\",\"inLanguage\":\"fr-FR\",\"@id\":\"https:\\\/\\\/docteurreve.fr\\\/blog\\\/quest-ce-que-le-reve-eveille-entre-conscience-et-imagination\\\/#primaryimage\",\"url\":\"https:\\\/\\\/docteurreve.fr\\\/wp-content\\\/uploads\\\/2025\\\/05\\\/NdNx2u2sRbu_Cmh93_FB8g.png\",\"contentUrl\":\"https:\\\/\\\/docteurreve.fr\\\/wp-content\\\/uploads\\\/2025\\\/05\\\/NdNx2u2sRbu_Cmh93_FB8g.png\",\"width\":1312,\"height\":736,\"caption\":\"Personne exp\u00e9rimentant un r\u00eave \u00e9veill\u00e9 avec des images mentales flottant au-dessus de sa t\u00eate\"},{\"@type\":\"BreadcrumbList\",\"@id\":\"https:\\\/\\\/docteurreve.fr\\\/blog\\\/quest-ce-que-le-reve-eveille-entre-conscience-et-imagination\\\/#breadcrumb\",\"itemListElement\":[{\"@type\":\"ListItem\",\"position\":1,\"name\":\"Accueil\",\"item\":\"https:\\\/\\\/docteurreve.fr\\\/blog\\\/\"},{\"@type\":\"ListItem\",\"position\":2,\"name\":\"Qu&rsquo;est-ce que le r\u00eave \u00e9veill\u00e9 ? Entre conscience et imagination\"}]},{\"@type\":\"WebSite\",\"@id\":\"https:\\\/\\\/docteurreve.fr\\\/blog\\\/#website\",\"url\":\"https:\\\/\\\/docteurreve.fr\\\/blog\\\/\",\"name\":\"Docteur R\u00eave\",\"description\":\"Analyses et interpr\u00e9tations de vos r\u00eaves\",\"publisher\":{\"@id\":\"https:\\\/\\\/docteurreve.fr\\\/blog\\\/#organization\"},\"potentialAction\":[{\"@type\":\"SearchAction\",\"target\":{\"@type\":\"EntryPoint\",\"urlTemplate\":\"https:\\\/\\\/docteurreve.fr\\\/blog\\\/?s={search_term_string}\"},\"query-input\":{\"@type\":\"PropertyValueSpecification\",\"valueRequired\":true,\"valueName\":\"search_term_string\"}}],\"inLanguage\":\"fr-FR\"},{\"@type\":\"Organization\",\"@id\":\"https:\\\/\\\/docteurreve.fr\\\/blog\\\/#organization\",\"name\":\"Docteur R\u00eave\",\"url\":\"https:\\\/\\\/docteurreve.fr\\\/blog\\\/\",\"logo\":{\"@type\":\"ImageObject\",\"inLanguage\":\"fr-FR\",\"@id\":\"https:\\\/\\\/docteurreve.fr\\\/blog\\\/#\\\/schema\\\/logo\\\/image\\\/\",\"url\":\"https:\\\/\\\/docteurreve.fr\\\/wp-content\\\/uploads\\\/2025\\\/03\\\/logo-1.3-1.png\",\"contentUrl\":\"https:\\\/\\\/docteurreve.fr\\\/wp-content\\\/uploads\\\/2025\\\/03\\\/logo-1.3-1.png\",\"width\":667,\"height\":621,\"caption\":\"Docteur R\u00eave\"},\"image\":{\"@id\":\"https:\\\/\\\/docteurreve.fr\\\/blog\\\/#\\\/schema\\\/logo\\\/image\\\/\"},\"sameAs\":[\"https:\\\/\\\/www.youtube.com\\\/@docteurreve7425\"]},{\"@type\":\"Person\",\"@id\":\"https:\\\/\\\/docteurreve.fr\\\/blog\\\/#\\\/schema\\\/person\\\/7743138a6e948b3acac728d9dd0ff184\",\"name\":\"Ambre\",\"image\":{\"@type\":\"ImageObject\",\"inLanguage\":\"fr-FR\",\"@id\":\"https:\\\/\\\/secure.gravatar.com\\\/avatar\\\/dd188bcba8c290c2e474d152390e1e96e227061da6f6cae48d6dc743c98040a6?s=96&d=mm&r=g\",\"url\":\"https:\\\/\\\/secure.gravatar.com\\\/avatar\\\/dd188bcba8c290c2e474d152390e1e96e227061da6f6cae48d6dc743c98040a6?s=96&d=mm&r=g\",\"contentUrl\":\"https:\\\/\\\/secure.gravatar.com\\\/avatar\\\/dd188bcba8c290c2e474d152390e1e96e227061da6f6cae48d6dc743c98040a6?s=96&d=mm&r=g\",\"caption\":\"Ambre\"},\"url\":\"https:\\\/\\\/docteurreve.fr\\\/blog\\\/author\\\/ambre\\\/\"}]}<\/script>\n<!-- \/ Yoast SEO plugin. -->","yoast_head_json":{"title":"Qu'est-ce que le r\u00eave \u00e9veill\u00e9 ? Entre conscience et imagination - Docteur R\u00eave","description":"D\u00e9couvrez ce qu'est le r\u00eave \u00e9veill\u00e9, cet \u00e9tat mental entre conscience et imagination. Comprenez ses m\u00e9canismes c\u00e9r\u00e9braux, ses applications th\u00e9rapeutiques et son potentiel cr\u00e9atif.","robots":{"index":"index","follow":"follow","max-snippet":"max-snippet:-1","max-image-preview":"max-image-preview:large","max-video-preview":"max-video-preview:-1"},"canonical":"https:\/\/docteurreve.fr\/blog\/quest-ce-que-le-reve-eveille-entre-conscience-et-imagination\/","og_locale":"fr_FR","og_type":"article","og_title":"Qu'est-ce que le r\u00eave \u00e9veill\u00e9 ? Entre conscience et imagination - Docteur R\u00eave","og_description":"D\u00e9couvrez ce qu'est le r\u00eave \u00e9veill\u00e9, cet \u00e9tat mental entre conscience et imagination. Comprenez ses m\u00e9canismes c\u00e9r\u00e9braux, ses applications th\u00e9rapeutiques et son potentiel cr\u00e9atif.","og_url":"https:\/\/docteurreve.fr\/blog\/quest-ce-que-le-reve-eveille-entre-conscience-et-imagination\/","og_site_name":"Docteur R\u00eave","article_published_time":"2025-05-22T02:07:46+00:00","og_image":[{"width":1312,"height":736,"url":"https:\/\/docteurreve.fr\/wp-content\/uploads\/2025\/05\/NdNx2u2sRbu_Cmh93_FB8g.png","type":"image\/png"}],"author":"Ambre","twitter_card":"summary_large_image","twitter_misc":{"\u00c9crit par":"Ambre","Dur\u00e9e de lecture estim\u00e9e":"9 minutes"},"schema":{"@context":"https:\/\/schema.org","@graph":[{"@type":"Article","@id":"https:\/\/docteurreve.fr\/blog\/quest-ce-que-le-reve-eveille-entre-conscience-et-imagination\/#article","isPartOf":{"@id":"https:\/\/docteurreve.fr\/blog\/quest-ce-que-le-reve-eveille-entre-conscience-et-imagination\/"},"author":{"name":"Ambre","@id":"https:\/\/docteurreve.fr\/blog\/#\/schema\/person\/7743138a6e948b3acac728d9dd0ff184"},"headline":"Qu&rsquo;est-ce que le r\u00eave \u00e9veill\u00e9 ? Entre conscience et imagination","datePublished":"2025-05-22T02:07:46+00:00","mainEntityOfPage":{"@id":"https:\/\/docteurreve.fr\/blog\/quest-ce-que-le-reve-eveille-entre-conscience-et-imagination\/"},"wordCount":1890,"publisher":{"@id":"https:\/\/docteurreve.fr\/blog\/#organization"},"image":{"@id":"https:\/\/docteurreve.fr\/blog\/quest-ce-que-le-reve-eveille-entre-conscience-et-imagination\/#primaryimage"},"thumbnailUrl":"https:\/\/docteurreve.fr\/wp-content\/uploads\/2025\/05\/NdNx2u2sRbu_Cmh93_FB8g.png","articleSection":["R\u00eaves psychanalytiques et auteurs c\u00e9l\u00e8bres","Signification des r\u00eaves"],"inLanguage":"fr-FR"},{"@type":"WebPage","@id":"https:\/\/docteurreve.fr\/blog\/quest-ce-que-le-reve-eveille-entre-conscience-et-imagination\/","url":"https:\/\/docteurreve.fr\/blog\/quest-ce-que-le-reve-eveille-entre-conscience-et-imagination\/","name":"Qu'est-ce que le r\u00eave \u00e9veill\u00e9 ? Entre conscience et imagination - Docteur R\u00eave","isPartOf":{"@id":"https:\/\/docteurreve.fr\/blog\/#website"},"primaryImageOfPage":{"@id":"https:\/\/docteurreve.fr\/blog\/quest-ce-que-le-reve-eveille-entre-conscience-et-imagination\/#primaryimage"},"image":{"@id":"https:\/\/docteurreve.fr\/blog\/quest-ce-que-le-reve-eveille-entre-conscience-et-imagination\/#primaryimage"},"thumbnailUrl":"https:\/\/docteurreve.fr\/wp-content\/uploads\/2025\/05\/NdNx2u2sRbu_Cmh93_FB8g.png","datePublished":"2025-05-22T02:07:46+00:00","description":"D\u00e9couvrez ce qu'est le r\u00eave \u00e9veill\u00e9, cet \u00e9tat mental entre conscience et imagination. Comprenez ses m\u00e9canismes c\u00e9r\u00e9braux, ses applications th\u00e9rapeutiques et son potentiel cr\u00e9atif.","breadcrumb":{"@id":"https:\/\/docteurreve.fr\/blog\/quest-ce-que-le-reve-eveille-entre-conscience-et-imagination\/#breadcrumb"},"inLanguage":"fr-FR","potentialAction":[{"@type":"ReadAction","target":["https:\/\/docteurreve.fr\/blog\/quest-ce-que-le-reve-eveille-entre-conscience-et-imagination\/"]}]},{"@type":"ImageObject","inLanguage":"fr-FR","@id":"https:\/\/docteurreve.fr\/blog\/quest-ce-que-le-reve-eveille-entre-conscience-et-imagination\/#primaryimage","url":"https:\/\/docteurreve.fr\/wp-content\/uploads\/2025\/05\/NdNx2u2sRbu_Cmh93_FB8g.png","contentUrl":"https:\/\/docteurreve.fr\/wp-content\/uploads\/2025\/05\/NdNx2u2sRbu_Cmh93_FB8g.png","width":1312,"height":736,"caption":"Personne exp\u00e9rimentant un r\u00eave \u00e9veill\u00e9 avec des images mentales flottant au-dessus de sa t\u00eate"},{"@type":"BreadcrumbList","@id":"https:\/\/docteurreve.fr\/blog\/quest-ce-que-le-reve-eveille-entre-conscience-et-imagination\/#breadcrumb","itemListElement":[{"@type":"ListItem","position":1,"name":"Accueil","item":"https:\/\/docteurreve.fr\/blog\/"},{"@type":"ListItem","position":2,"name":"Qu&rsquo;est-ce que le r\u00eave \u00e9veill\u00e9 ? Entre conscience et imagination"}]},{"@type":"WebSite","@id":"https:\/\/docteurreve.fr\/blog\/#website","url":"https:\/\/docteurreve.fr\/blog\/","name":"Docteur R\u00eave","description":"Analyses et interpr\u00e9tations de vos r\u00eaves","publisher":{"@id":"https:\/\/docteurreve.fr\/blog\/#organization"},"potentialAction":[{"@type":"SearchAction","target":{"@type":"EntryPoint","urlTemplate":"https:\/\/docteurreve.fr\/blog\/?s={search_term_string}"},"query-input":{"@type":"PropertyValueSpecification","valueRequired":true,"valueName":"search_term_string"}}],"inLanguage":"fr-FR"},{"@type":"Organization","@id":"https:\/\/docteurreve.fr\/blog\/#organization","name":"Docteur R\u00eave","url":"https:\/\/docteurreve.fr\/blog\/","logo":{"@type":"ImageObject","inLanguage":"fr-FR","@id":"https:\/\/docteurreve.fr\/blog\/#\/schema\/logo\/image\/","url":"https:\/\/docteurreve.fr\/wp-content\/uploads\/2025\/03\/logo-1.3-1.png","contentUrl":"https:\/\/docteurreve.fr\/wp-content\/uploads\/2025\/03\/logo-1.3-1.png","width":667,"height":621,"caption":"Docteur R\u00eave"},"image":{"@id":"https:\/\/docteurreve.fr\/blog\/#\/schema\/logo\/image\/"},"sameAs":["https:\/\/www.youtube.com\/@docteurreve7425"]},{"@type":"Person","@id":"https:\/\/docteurreve.fr\/blog\/#\/schema\/person\/7743138a6e948b3acac728d9dd0ff184","name":"Ambre","image":{"@type":"ImageObject","inLanguage":"fr-FR","@id":"https:\/\/secure.gravatar.com\/avatar\/dd188bcba8c290c2e474d152390e1e96e227061da6f6cae48d6dc743c98040a6?s=96&d=mm&r=g","url":"https:\/\/secure.gravatar.com\/avatar\/dd188bcba8c290c2e474d152390e1e96e227061da6f6cae48d6dc743c98040a6?s=96&d=mm&r=g","contentUrl":"https:\/\/secure.gravatar.com\/avatar\/dd188bcba8c290c2e474d152390e1e96e227061da6f6cae48d6dc743c98040a6?s=96&d=mm&r=g","caption":"Ambre"},"url":"https:\/\/docteurreve.fr\/blog\/author\/ambre\/"}]}},"_links":{"self":[{"href":"https:\/\/docteurreve.fr\/blog\/wp-json\/wp\/v2\/posts\/649","targetHints":{"allow":["GET"]}}],"collection":[{"href":"https:\/\/docteurreve.fr\/blog\/wp-json\/wp\/v2\/posts"}],"about":[{"href":"https:\/\/docteurreve.fr\/blog\/wp-json\/wp\/v2\/types\/post"}],"author":[{"embeddable":true,"href":"https:\/\/docteurreve.fr\/blog\/wp-json\/wp\/v2\/users\/3"}],"replies":[{"embeddable":true,"href":"https:\/\/docteurreve.fr\/blog\/wp-json\/wp\/v2\/comments?post=649"}],"version-history":[{"count":0,"href":"https:\/\/docteurreve.fr\/blog\/wp-json\/wp\/v2\/posts\/649\/revisions"}],"wp:featuredmedia":[{"embeddable":true,"href":"https:\/\/docteurreve.fr\/blog\/wp-json\/wp\/v2\/media\/648"}],"wp:attachment":[{"href":"https:\/\/docteurreve.fr\/blog\/wp-json\/wp\/v2\/media?parent=649"}],"wp:term":[{"taxonomy":"category","embeddable":true,"href":"https:\/\/docteurreve.fr\/blog\/wp-json\/wp\/v2\/categories?post=649"},{"taxonomy":"post_tag","embeddable":true,"href":"https:\/\/docteurreve.fr\/blog\/wp-json\/wp\/v2\/tags?post=649"}],"curies":[{"name":"wp","href":"https:\/\/api.w.org\/{rel}","templated":true}]}}